{"id":2596,"date":"2024-04-18T21:30:24","date_gmt":"2024-04-18T21:30:24","guid":{"rendered":"https:\/\/colegiosarquidiocesanos.edu.co\/inicio\/?p=2596"},"modified":"2025-12-11T14:39:10","modified_gmt":"2025-12-11T19:39:10","slug":"conmemoracion-dia-del-educador-yamileth-cabezas","status":"publish","type":"post","link":"https:\/\/colegiosarquidiocesanos.edu.co\/inicio\/conmemoracion-dia-del-educador-yamileth-cabezas\/","title":{"rendered":"Conmemoraci\u00f3n del D\u00eda del Educador: Homenaje a la maestra Yamileth Cabezas Ortiz"},"content":{"rendered":"\n<p><strong>En una especial conmemoraci\u00f3n al esfuerzo y la dedicaci\u00f3n de los educadores, los Colegios Arquidiocesanos nos preparamos para celebrar el pr\u00f3ximo 15 de mayo el <em>\u00abD\u00eda del Educador\u00bb<\/em>. En esta ocasi\u00f3n especial, destacamos la historia de Yamileth Cabezas Ortiz, una docente ejemplar que ha dejado una huella indeleble en el Colegio Santa Isabel de Hungr\u00eda, sede Alfonso L\u00f3pez.<\/strong><\/p>\n\n\n\n<figure class=\"wp-block-image aligncenter size-large\"><img fetchpriority=\"high\" decoding=\"async\" width=\"1024\" height=\"768\" src=\"https:\/\/colegiosarquidiocesanos.edu.co\/inicio\/wp-content\/uploads\/2024\/04\/IMG_6988-1024x768.webp\" alt=\"conmemoracion al esfuerzo\" class=\"wp-image-2597\" srcset=\"https:\/\/colegiosarquidiocesanos.edu.co\/inicio\/wp-content\/uploads\/2024\/04\/IMG_6988-1024x768.webp 1024w, https:\/\/colegiosarquidiocesanos.edu.co\/inicio\/wp-content\/uploads\/2024\/04\/IMG_6988-300x225.webp 300w, https:\/\/colegiosarquidiocesanos.edu.co\/inicio\/wp-content\/uploads\/2024\/04\/IMG_6988-768x576.webp 768w, https:\/\/colegiosarquidiocesanos.edu.co\/inicio\/wp-content\/uploads\/2024\/04\/IMG_6988-1536x1152.webp 1536w, https:\/\/colegiosarquidiocesanos.edu.co\/inicio\/wp-content\/uploads\/2024\/04\/IMG_6988-scaled.webp 1920w\" sizes=\"(max-width: 1024px) 100vw, 1024px\" \/><\/figure>\n\n\n\n<h2 class=\"wp-block-heading\"><strong>Conmemoraci\u00f3n a una trayectoria de entrega<\/strong><\/h2>\n\n\n\n<p>En esta conmemoraci\u00f3n del D\u00eda del Educador, recordamos la vida y el servicio de quienes dan sentido a la misi\u00f3n educativa. Entre ellos, destaca Yamileth Cabezas Ortiz, quien con 20 a\u00f1os de servicio en la Instituci\u00f3n recuerda con gratitud c\u00f3mo inici\u00f3 su maravillosa traves\u00eda en el a\u00f1o 2004. \u201cMi aventura por mi bello Colegio Santa Isabel de Hungr\u00eda comenz\u00f3 cuando fui llamada para reemplazar a la maestra de art\u00edstica. Desde entonces he compartido mi pasi\u00f3n por el arte con cada uno de mis estudiantes\u201d, expresa con cari\u00f1o.<\/p>\n\n\n\n<h2 class=\"wp-block-heading\"><strong>Conmemoraci\u00f3n del legado art\u00edstico y pedag\u00f3gico<\/strong><\/h2>\n\n\n\n<p>Cada d\u00eda, la maestra transforma sus clases en un espacio donde los estudiantes pueden aprender, crear y descubrir nuevas formas de expresi\u00f3n. \u201cLos estudiantes me han brindado su colaboraci\u00f3n y atenci\u00f3n, lo que me ha motivado a explorar diversas t\u00e9cnicas de pintura y temas inspiradores del arte\u201d, afirma Yamileth.<\/p>\n\n\n\n<p>Entre sus recuerdos m\u00e1s significativos, resalta el impacto que ha tenido en la vida de muchos de sus alumnos. \u201cAlgunos decidieron seguir su talento art\u00edstico y estudiar artes pl\u00e1sticas en la universidad. Ver c\u00f3mo florecen como artistas es mi mayor orgullo\u201d, comenta con emoci\u00f3n.<\/p>\n\n\n\n<h2 class=\"wp-block-heading\"><strong>Un coraz\u00f3n que ense\u00f1a desde la inclusi\u00f3n<\/strong><\/h2>\n\n\n\n<p>La labor de Yamileth va m\u00e1s all\u00e1 de lo acad\u00e9mico. Ella reconoce el valor profundo que los ni\u00f1os con necesidades especiales han aportado a la comunidad educativa. \u201cSon seres de luz que llegaron para sensibilizarnos y enriquecer nuestra comunidad. Son \u00e1ngeles enviados por Dios\u201d, asegura con admiraci\u00f3n.<\/p>\n\n\n\n<h2 class=\"wp-block-heading\"><strong>Una vida guiada por la gratitud<\/strong><\/h2>\n\n\n\n<p>Fuera del aula, Yamileth es una madre dedicada y una mujer agradecida con su familia, amigos y colegas. \u201cMi familia, mis amigas y mis jefes han sido mi apoyo incondicional. Agradezco al Padre Celestial por guiarme en esta hermosa labor\u201d, expresa con humildad.<\/p>\n\n\n\n<h2 class=\"wp-block-heading\"><strong>Un reconocimiento institucional<\/strong><\/h2>\n\n\n\n<p>Los directivos del Colegio Santa Isabel de Hungr\u00eda destacan que Yamileth Cabezas Ortiz representa el esp\u00edritu de entrega y dedicaci\u00f3n de los educadores de las Fundaciones Educativas Santa Isabel de Hungr\u00eda y Alberto Uribe Urdaneta. Su compromiso con la formaci\u00f3n personal y espiritual de sus estudiantes, junto con su amor por el arte, la convierte en un ejemplo inspirador para toda la comunidad educativa.<\/p>\n\n\n\n<h2 class=\"wp-block-heading\"><strong>Conmemoraci\u00f3n que honra la vocaci\u00f3n de educar<\/strong><\/h2>\n\n\n\n<p>En esta conmemoraci\u00f3n del D\u00eda del Educador, los Colegios Arquidiocesanos rinden homenaje a Yamileth y a todos los maestros que, con su labor constante, construyen un futuro lleno de esperanza y oportunidades para toda la comunidad educativa.<\/p>\n\n\n\n<figure class=\"wp-block-gallery has-nested-images columns-default is-cropped wp-block-gallery-1 is-layout-flex wp-block-gallery-is-layout-flex\">\n<figure class=\"wp-block-image size-large\"><img decoding=\"async\" width=\"1440\" height=\"1920\" data-id=\"2602\" src=\"https:\/\/colegiosarquidiocesanos.edu.co\/inicio\/wp-content\/uploads\/2024\/04\/IMG_6981-edited-scaled.webp\" alt=\"conmemoracion al servicio\" class=\"wp-image-2602\" srcset=\"https:\/\/colegiosarquidiocesanos.edu.co\/inicio\/wp-content\/uploads\/2024\/04\/IMG_6981-edited-scaled.webp 1440w, https:\/\/colegiosarquidiocesanos.edu.co\/inicio\/wp-content\/uploads\/2024\/04\/IMG_6981-edited-225x300.webp 225w, https:\/\/colegiosarquidiocesanos.edu.co\/inicio\/wp-content\/uploads\/2024\/04\/IMG_6981-edited-768x1024.webp 768w, https:\/\/colegiosarquidiocesanos.edu.co\/inicio\/wp-content\/uploads\/2024\/04\/IMG_6981-edited-1152x1536.webp 1152w\" sizes=\"(max-width: 1440px) 100vw, 1440px\" \/><\/figure>\n\n\n\n<figure class=\"wp-block-image size-large\"><img decoding=\"async\" width=\"768\" height=\"1024\" data-id=\"2601\" src=\"https:\/\/colegiosarquidiocesanos.edu.co\/inicio\/wp-content\/uploads\/2024\/04\/IMG_6979-768x1024.webp\" alt=\"conmemoracion docente yamileth\" class=\"wp-image-2601\" srcset=\"https:\/\/colegiosarquidiocesanos.edu.co\/inicio\/wp-content\/uploads\/2024\/04\/IMG_6979-768x1024.webp 768w, https:\/\/colegiosarquidiocesanos.edu.co\/inicio\/wp-content\/uploads\/2024\/04\/IMG_6979-225x300.webp 225w, https:\/\/colegiosarquidiocesanos.edu.co\/inicio\/wp-content\/uploads\/2024\/04\/IMG_6979-1152x1536.webp 1152w, https:\/\/colegiosarquidiocesanos.edu.co\/inicio\/wp-content\/uploads\/2024\/04\/IMG_6979-scaled.webp 1440w\" sizes=\"(max-width: 768px) 100vw, 768px\" \/><\/figure>\n\n\n\n<figure class=\"wp-block-image size-large\"><img loading=\"lazy\" decoding=\"async\" width=\"768\" height=\"1024\" data-id=\"2599\" src=\"https:\/\/colegiosarquidiocesanos.edu.co\/inicio\/wp-content\/uploads\/2024\/04\/IMG_6982-768x1024.webp\" alt=\"conmemoracion a la vocacion\" class=\"wp-image-2599\" srcset=\"https:\/\/colegiosarquidiocesanos.edu.co\/inicio\/wp-content\/uploads\/2024\/04\/IMG_6982-768x1024.webp 768w, https:\/\/colegiosarquidiocesanos.edu.co\/inicio\/wp-content\/uploads\/2024\/04\/IMG_6982-225x300.webp 225w, https:\/\/colegiosarquidiocesanos.edu.co\/inicio\/wp-content\/uploads\/2024\/04\/IMG_6982-1152x1536.webp 1152w, https:\/\/colegiosarquidiocesanos.edu.co\/inicio\/wp-content\/uploads\/2024\/04\/IMG_6982-scaled.webp 1440w\" sizes=\"(max-width: 768px) 100vw, 768px\" \/><\/figure>\n<\/figure>\n\n\n\n<p><\/p>\n","protected":false},"excerpt":{"rendered":"<p>En una especial conmemoraci\u00f3n al esfuerzo y la dedicaci\u00f3n de los educadores, los Colegios Arquidiocesanos nos preparamos para celebrar el pr\u00f3ximo 15 de mayo el \u00abD\u00eda del Educador\u00bb. En esta ocasi\u00f3n especial, destacamos la historia de Yamileth Cabezas Ortiz, una docente ejemplar que ha dejado una huella indeleble en el Colegio Santa Isabel de Hungr\u00eda, [&hellip;]<\/p>\n","protected":false},"author":3,"featured_media":2600,"comment_status":"open","ping_status":"closed","sticky":false,"template":"","format":"standard","meta":{"footnotes":""},"categories":[32,46],"tags":[24],"class_list":["post-2596","post","type-post","status-publish","format-standard","has-post-thumbnail","hentry","category-celebraciones","category-orgullo-arquidiocesano","tag-colegiosarquidiocesanos"],"yoast_head":"<!-- This site is optimized with the Yoast SEO plugin v27.5 - https:\/\/yoast.com\/product\/yoast-seo-wordpress\/ -->\n<title>Homenaje a la vocaci\u00f3n<\/title>\n<meta name=\"description\" content=\"Conmemoraci\u00f3n del D\u00eda del Educador en los Colegios Arquidiocesanos, destacando la trayectoria y legado de la maestra Yamileth Cabezas Ortiz\" \/>\n<meta name=\"robots\" content=\"index, follow, max-snippet:-1, max-image-preview:large, max-video-preview:-1\" \/>\n<link rel=\"canonical\" href=\"https:\/\/colegiosarquidiocesanos.edu.co\/inicio\/conmemoracion-dia-del-educador-yamileth-cabezas\/\" \/>\n<meta property=\"og:locale\" content=\"es_ES\" \/>\n<meta property=\"og:type\" content=\"article\" \/>\n<meta property=\"og:title\" content=\"Homenaje a la vocaci\u00f3n\" \/>\n<meta property=\"og:description\" content=\"Conmemoraci\u00f3n del D\u00eda del Educador en los Colegios Arquidiocesanos, destacando la trayectoria y legado de la maestra Yamileth Cabezas Ortiz\" \/>\n<meta property=\"og:url\" content=\"https:\/\/colegiosarquidiocesanos.edu.co\/inicio\/conmemoracion-dia-del-educador-yamileth-cabezas\/\" \/>\n<meta property=\"og:site_name\" content=\"Colegios Arquidiocesanos\" \/>\n<meta property=\"article:publisher\" content=\"https:\/\/www.facebook.com\/ColegiosArquidiocesanos\/\" \/>\n<meta property=\"article:published_time\" content=\"2024-04-18T21:30:24+00:00\" \/>\n<meta property=\"article:modified_time\" content=\"2025-12-11T19:39:10+00:00\" \/>\n<meta property=\"og:image\" content=\"https:\/\/colegiosarquidiocesanos.edu.co\/inicio\/wp-content\/uploads\/2024\/04\/IMG_6988-1-scaled.webp\" \/>\n\t<meta property=\"og:image:width\" content=\"1920\" \/>\n\t<meta property=\"og:image:height\" content=\"1440\" \/>\n\t<meta property=\"og:image:type\" content=\"image\/webp\" \/>\n<meta name=\"author\" content=\"Brenda Victoria\" \/>\n<meta name=\"twitter:card\" content=\"summary_large_image\" \/>\n<meta name=\"twitter:label1\" content=\"Escrito por\" \/>\n\t<meta name=\"twitter:data1\" content=\"Brenda Victoria\" \/>\n\t<meta name=\"twitter:label2\" content=\"Tiempo de lectura\" \/>\n\t<meta name=\"twitter:data2\" content=\"4 minutos\" \/>\n<script type=\"application\/ld+json\" class=\"yoast-schema-graph\">{\"@context\":\"https:\\\/\\\/schema.org\",\"@graph\":[{\"@type\":\"Article\",\"@id\":\"https:\\\/\\\/colegiosarquidiocesanos.edu.co\\\/inicio\\\/conmemoracion-dia-del-educador-yamileth-cabezas\\\/#article\",\"isPartOf\":{\"@id\":\"https:\\\/\\\/colegiosarquidiocesanos.edu.co\\\/inicio\\\/conmemoracion-dia-del-educador-yamileth-cabezas\\\/\"},\"author\":{\"name\":\"Brenda Victoria\",\"@id\":\"https:\\\/\\\/colegiosarquidiocesanos.edu.co\\\/inicio\\\/#\\\/schema\\\/person\\\/8868dfd4403b84f4037cff1f2cc87ce9\"},\"headline\":\"Conmemoraci\u00f3n del D\u00eda del Educador: Homenaje a la maestra Yamileth Cabezas Ortiz\",\"datePublished\":\"2024-04-18T21:30:24+00:00\",\"dateModified\":\"2025-12-11T19:39:10+00:00\",\"mainEntityOfPage\":{\"@id\":\"https:\\\/\\\/colegiosarquidiocesanos.edu.co\\\/inicio\\\/conmemoracion-dia-del-educador-yamileth-cabezas\\\/\"},\"wordCount\":524,\"commentCount\":0,\"publisher\":{\"@id\":\"https:\\\/\\\/colegiosarquidiocesanos.edu.co\\\/inicio\\\/#organization\"},\"image\":{\"@id\":\"https:\\\/\\\/colegiosarquidiocesanos.edu.co\\\/inicio\\\/conmemoracion-dia-del-educador-yamileth-cabezas\\\/#primaryimage\"},\"thumbnailUrl\":\"https:\\\/\\\/colegiosarquidiocesanos.edu.co\\\/inicio\\\/wp-content\\\/uploads\\\/2024\\\/04\\\/IMG_6988-1-scaled.webp\",\"keywords\":[\"Colegiosarquidiocesanos\"],\"articleSection\":[\"Celebraciones\",\"Orgullo Arquidiocesano\"],\"inLanguage\":\"es\",\"potentialAction\":[{\"@type\":\"CommentAction\",\"name\":\"Comment\",\"target\":[\"https:\\\/\\\/colegiosarquidiocesanos.edu.co\\\/inicio\\\/conmemoracion-dia-del-educador-yamileth-cabezas\\\/#respond\"]}]},{\"@type\":\"WebPage\",\"@id\":\"https:\\\/\\\/colegiosarquidiocesanos.edu.co\\\/inicio\\\/conmemoracion-dia-del-educador-yamileth-cabezas\\\/\",\"url\":\"https:\\\/\\\/colegiosarquidiocesanos.edu.co\\\/inicio\\\/conmemoracion-dia-del-educador-yamileth-cabezas\\\/\",\"name\":\"Homenaje a la vocaci\u00f3n\",\"isPartOf\":{\"@id\":\"https:\\\/\\\/colegiosarquidiocesanos.edu.co\\\/inicio\\\/#website\"},\"primaryImageOfPage\":{\"@id\":\"https:\\\/\\\/colegiosarquidiocesanos.edu.co\\\/inicio\\\/conmemoracion-dia-del-educador-yamileth-cabezas\\\/#primaryimage\"},\"image\":{\"@id\":\"https:\\\/\\\/colegiosarquidiocesanos.edu.co\\\/inicio\\\/conmemoracion-dia-del-educador-yamileth-cabezas\\\/#primaryimage\"},\"thumbnailUrl\":\"https:\\\/\\\/colegiosarquidiocesanos.edu.co\\\/inicio\\\/wp-content\\\/uploads\\\/2024\\\/04\\\/IMG_6988-1-scaled.webp\",\"datePublished\":\"2024-04-18T21:30:24+00:00\",\"dateModified\":\"2025-12-11T19:39:10+00:00\",\"description\":\"Conmemoraci\u00f3n del D\u00eda del Educador en los Colegios Arquidiocesanos, destacando la trayectoria y legado de la maestra Yamileth Cabezas Ortiz\",\"breadcrumb\":{\"@id\":\"https:\\\/\\\/colegiosarquidiocesanos.edu.co\\\/inicio\\\/conmemoracion-dia-del-educador-yamileth-cabezas\\\/#breadcrumb\"},\"inLanguage\":\"es\",\"potentialAction\":[{\"@type\":\"ReadAction\",\"target\":[\"https:\\\/\\\/colegiosarquidiocesanos.edu.co\\\/inicio\\\/conmemoracion-dia-del-educador-yamileth-cabezas\\\/\"]}]},{\"@type\":\"ImageObject\",\"inLanguage\":\"es\",\"@id\":\"https:\\\/\\\/colegiosarquidiocesanos.edu.co\\\/inicio\\\/conmemoracion-dia-del-educador-yamileth-cabezas\\\/#primaryimage\",\"url\":\"https:\\\/\\\/colegiosarquidiocesanos.edu.co\\\/inicio\\\/wp-content\\\/uploads\\\/2024\\\/04\\\/IMG_6988-1-scaled.webp\",\"contentUrl\":\"https:\\\/\\\/colegiosarquidiocesanos.edu.co\\\/inicio\\\/wp-content\\\/uploads\\\/2024\\\/04\\\/IMG_6988-1-scaled.webp\",\"width\":1920,\"height\":1440,\"caption\":\"Homenaje a la vocacion docente\"},{\"@type\":\"BreadcrumbList\",\"@id\":\"https:\\\/\\\/colegiosarquidiocesanos.edu.co\\\/inicio\\\/conmemoracion-dia-del-educador-yamileth-cabezas\\\/#breadcrumb\",\"itemListElement\":[{\"@type\":\"ListItem\",\"position\":1,\"name\":\"Portada\",\"item\":\"https:\\\/\\\/colegiosarquidiocesanos.edu.co\\\/inicio\\\/\"},{\"@type\":\"ListItem\",\"position\":2,\"name\":\"Conmemoraci\u00f3n del D\u00eda del Educador: Homenaje a la maestra Yamileth Cabezas Ortiz\"}]},{\"@type\":\"WebSite\",\"@id\":\"https:\\\/\\\/colegiosarquidiocesanos.edu.co\\\/inicio\\\/#website\",\"url\":\"https:\\\/\\\/colegiosarquidiocesanos.edu.co\\\/inicio\\\/\",\"name\":\"Colegios Arquidiocesanos - Mejores Colegios de Cali\",\"description\":\"&quot;Colegios Arquidiocesanos&quot; es el sitio oficial que re\u00fane informaci\u00f3n sobre nuestros mejores colegios de Cali, noticias y actividades destacadas, adem\u00e1s de servicios en l\u00ednea como pagos de mensualidades y acceso al portal estudiantil. Una plataforma integral para estudiantes, padres y comunidad educativa.\",\"publisher\":{\"@id\":\"https:\\\/\\\/colegiosarquidiocesanos.edu.co\\\/inicio\\\/#organization\"},\"alternateName\":\"Arquidiocesanos\",\"potentialAction\":[{\"@type\":\"SearchAction\",\"target\":{\"@type\":\"EntryPoint\",\"urlTemplate\":\"https:\\\/\\\/colegiosarquidiocesanos.edu.co\\\/inicio\\\/?s={search_term_string}\"},\"query-input\":{\"@type\":\"PropertyValueSpecification\",\"valueRequired\":true,\"valueName\":\"search_term_string\"}}],\"inLanguage\":\"es\"},{\"@type\":\"Organization\",\"@id\":\"https:\\\/\\\/colegiosarquidiocesanos.edu.co\\\/inicio\\\/#organization\",\"name\":\"Fundaci\u00f3n Educativa Santa Isabel de Hungr\u00eda\",\"url\":\"https:\\\/\\\/colegiosarquidiocesanos.edu.co\\\/inicio\\\/\",\"logo\":{\"@type\":\"ImageObject\",\"inLanguage\":\"es\",\"@id\":\"https:\\\/\\\/colegiosarquidiocesanos.edu.co\\\/inicio\\\/#\\\/schema\\\/logo\\\/image\\\/\",\"url\":\"https:\\\/\\\/colegiosarquidiocesanos.edu.co\\\/inicio\\\/wp-content\\\/uploads\\\/2024\\\/06\\\/FESIH.png\",\"contentUrl\":\"https:\\\/\\\/colegiosarquidiocesanos.edu.co\\\/inicio\\\/wp-content\\\/uploads\\\/2024\\\/06\\\/FESIH.png\",\"width\":2244,\"height\":2535,\"caption\":\"Fundaci\u00f3n Educativa Santa Isabel de Hungr\u00eda\"},\"image\":{\"@id\":\"https:\\\/\\\/colegiosarquidiocesanos.edu.co\\\/inicio\\\/#\\\/schema\\\/logo\\\/image\\\/\"},\"sameAs\":[\"https:\\\/\\\/www.facebook.com\\\/ColegiosArquidiocesanos\\\/\",\"https:\\\/\\\/www.instagram.com\\\/colegios.arquidiocesanos\\\/\"]},{\"@type\":\"Person\",\"@id\":\"https:\\\/\\\/colegiosarquidiocesanos.edu.co\\\/inicio\\\/#\\\/schema\\\/person\\\/8868dfd4403b84f4037cff1f2cc87ce9\",\"name\":\"Brenda Victoria\",\"image\":{\"@type\":\"ImageObject\",\"inLanguage\":\"es\",\"@id\":\"https:\\\/\\\/secure.gravatar.com\\\/avatar\\\/eb283bc7c07830ba5a2bbc517dc7f27898805029aedef0f5ff6e64ba2615a2e7?s=96&d=mm&r=g\",\"url\":\"https:\\\/\\\/secure.gravatar.com\\\/avatar\\\/eb283bc7c07830ba5a2bbc517dc7f27898805029aedef0f5ff6e64ba2615a2e7?s=96&d=mm&r=g\",\"contentUrl\":\"https:\\\/\\\/secure.gravatar.com\\\/avatar\\\/eb283bc7c07830ba5a2bbc517dc7f27898805029aedef0f5ff6e64ba2615a2e7?s=96&d=mm&r=g\",\"caption\":\"Brenda Victoria\"},\"url\":\"https:\\\/\\\/colegiosarquidiocesanos.edu.co\\\/inicio\\\/author\\\/brenda\\\/\"}]}<\/script>\n<!-- \/ Yoast SEO plugin. -->","yoast_head_json":{"title":"Homenaje a la vocaci\u00f3n","description":"Conmemoraci\u00f3n del D\u00eda del Educador en los Colegios Arquidiocesanos, destacando la trayectoria y legado de la maestra Yamileth Cabezas Ortiz","robots":{"index":"index","follow":"follow","max-snippet":"max-snippet:-1","max-image-preview":"max-image-preview:large","max-video-preview":"max-video-preview:-1"},"canonical":"https:\/\/colegiosarquidiocesanos.edu.co\/inicio\/conmemoracion-dia-del-educador-yamileth-cabezas\/","og_locale":"es_ES","og_type":"article","og_title":"Homenaje a la vocaci\u00f3n","og_description":"Conmemoraci\u00f3n del D\u00eda del Educador en los Colegios Arquidiocesanos, destacando la trayectoria y legado de la maestra Yamileth Cabezas Ortiz","og_url":"https:\/\/colegiosarquidiocesanos.edu.co\/inicio\/conmemoracion-dia-del-educador-yamileth-cabezas\/","og_site_name":"Colegios Arquidiocesanos","article_publisher":"https:\/\/www.facebook.com\/ColegiosArquidiocesanos\/","article_published_time":"2024-04-18T21:30:24+00:00","article_modified_time":"2025-12-11T19:39:10+00:00","og_image":[{"width":1920,"height":1440,"url":"https:\/\/colegiosarquidiocesanos.edu.co\/inicio\/wp-content\/uploads\/2024\/04\/IMG_6988-1-scaled.webp","type":"image\/webp"}],"author":"Brenda Victoria","twitter_card":"summary_large_image","twitter_misc":{"Escrito por":"Brenda Victoria","Tiempo de lectura":"4 minutos"},"schema":{"@context":"https:\/\/schema.org","@graph":[{"@type":"Article","@id":"https:\/\/colegiosarquidiocesanos.edu.co\/inicio\/conmemoracion-dia-del-educador-yamileth-cabezas\/#article","isPartOf":{"@id":"https:\/\/colegiosarquidiocesanos.edu.co\/inicio\/conmemoracion-dia-del-educador-yamileth-cabezas\/"},"author":{"name":"Brenda Victoria","@id":"https:\/\/colegiosarquidiocesanos.edu.co\/inicio\/#\/schema\/person\/8868dfd4403b84f4037cff1f2cc87ce9"},"headline":"Conmemoraci\u00f3n del D\u00eda del Educador: Homenaje a la maestra Yamileth Cabezas Ortiz","datePublished":"2024-04-18T21:30:24+00:00","dateModified":"2025-12-11T19:39:10+00:00","mainEntityOfPage":{"@id":"https:\/\/colegiosarquidiocesanos.edu.co\/inicio\/conmemoracion-dia-del-educador-yamileth-cabezas\/"},"wordCount":524,"commentCount":0,"publisher":{"@id":"https:\/\/colegiosarquidiocesanos.edu.co\/inicio\/#organization"},"image":{"@id":"https:\/\/colegiosarquidiocesanos.edu.co\/inicio\/conmemoracion-dia-del-educador-yamileth-cabezas\/#primaryimage"},"thumbnailUrl":"https:\/\/colegiosarquidiocesanos.edu.co\/inicio\/wp-content\/uploads\/2024\/04\/IMG_6988-1-scaled.webp","keywords":["Colegiosarquidiocesanos"],"articleSection":["Celebraciones","Orgullo Arquidiocesano"],"inLanguage":"es","potentialAction":[{"@type":"CommentAction","name":"Comment","target":["https:\/\/colegiosarquidiocesanos.edu.co\/inicio\/conmemoracion-dia-del-educador-yamileth-cabezas\/#respond"]}]},{"@type":"WebPage","@id":"https:\/\/colegiosarquidiocesanos.edu.co\/inicio\/conmemoracion-dia-del-educador-yamileth-cabezas\/","url":"https:\/\/colegiosarquidiocesanos.edu.co\/inicio\/conmemoracion-dia-del-educador-yamileth-cabezas\/","name":"Homenaje a la vocaci\u00f3n","isPartOf":{"@id":"https:\/\/colegiosarquidiocesanos.edu.co\/inicio\/#website"},"primaryImageOfPage":{"@id":"https:\/\/colegiosarquidiocesanos.edu.co\/inicio\/conmemoracion-dia-del-educador-yamileth-cabezas\/#primaryimage"},"image":{"@id":"https:\/\/colegiosarquidiocesanos.edu.co\/inicio\/conmemoracion-dia-del-educador-yamileth-cabezas\/#primaryimage"},"thumbnailUrl":"https:\/\/colegiosarquidiocesanos.edu.co\/inicio\/wp-content\/uploads\/2024\/04\/IMG_6988-1-scaled.webp","datePublished":"2024-04-18T21:30:24+00:00","dateModified":"2025-12-11T19:39:10+00:00","description":"Conmemoraci\u00f3n del D\u00eda del Educador en los Colegios Arquidiocesanos, destacando la trayectoria y legado de la maestra Yamileth Cabezas Ortiz","breadcrumb":{"@id":"https:\/\/colegiosarquidiocesanos.edu.co\/inicio\/conmemoracion-dia-del-educador-yamileth-cabezas\/#breadcrumb"},"inLanguage":"es","potentialAction":[{"@type":"ReadAction","target":["https:\/\/colegiosarquidiocesanos.edu.co\/inicio\/conmemoracion-dia-del-educador-yamileth-cabezas\/"]}]},{"@type":"ImageObject","inLanguage":"es","@id":"https:\/\/colegiosarquidiocesanos.edu.co\/inicio\/conmemoracion-dia-del-educador-yamileth-cabezas\/#primaryimage","url":"https:\/\/colegiosarquidiocesanos.edu.co\/inicio\/wp-content\/uploads\/2024\/04\/IMG_6988-1-scaled.webp","contentUrl":"https:\/\/colegiosarquidiocesanos.edu.co\/inicio\/wp-content\/uploads\/2024\/04\/IMG_6988-1-scaled.webp","width":1920,"height":1440,"caption":"Homenaje a la vocacion docente"},{"@type":"BreadcrumbList","@id":"https:\/\/colegiosarquidiocesanos.edu.co\/inicio\/conmemoracion-dia-del-educador-yamileth-cabezas\/#breadcrumb","itemListElement":[{"@type":"ListItem","position":1,"name":"Portada","item":"https:\/\/colegiosarquidiocesanos.edu.co\/inicio\/"},{"@type":"ListItem","position":2,"name":"Conmemoraci\u00f3n del D\u00eda del Educador: Homenaje a la maestra Yamileth Cabezas Ortiz"}]},{"@type":"WebSite","@id":"https:\/\/colegiosarquidiocesanos.edu.co\/inicio\/#website","url":"https:\/\/colegiosarquidiocesanos.edu.co\/inicio\/","name":"Colegios Arquidiocesanos - Mejores Colegios de Cali","description":"&quot;Colegios Arquidiocesanos&quot; es el sitio oficial que re\u00fane informaci\u00f3n sobre nuestros mejores colegios de Cali, noticias y actividades destacadas, adem\u00e1s de servicios en l\u00ednea como pagos de mensualidades y acceso al portal estudiantil. Una plataforma integral para estudiantes, padres y comunidad educativa.","publisher":{"@id":"https:\/\/colegiosarquidiocesanos.edu.co\/inicio\/#organization"},"alternateName":"Arquidiocesanos","potentialAction":[{"@type":"SearchAction","target":{"@type":"EntryPoint","urlTemplate":"https:\/\/colegiosarquidiocesanos.edu.co\/inicio\/?s={search_term_string}"},"query-input":{"@type":"PropertyValueSpecification","valueRequired":true,"valueName":"search_term_string"}}],"inLanguage":"es"},{"@type":"Organization","@id":"https:\/\/colegiosarquidiocesanos.edu.co\/inicio\/#organization","name":"Fundaci\u00f3n Educativa Santa Isabel de Hungr\u00eda","url":"https:\/\/colegiosarquidiocesanos.edu.co\/inicio\/","logo":{"@type":"ImageObject","inLanguage":"es","@id":"https:\/\/colegiosarquidiocesanos.edu.co\/inicio\/#\/schema\/logo\/image\/","url":"https:\/\/colegiosarquidiocesanos.edu.co\/inicio\/wp-content\/uploads\/2024\/06\/FESIH.png","contentUrl":"https:\/\/colegiosarquidiocesanos.edu.co\/inicio\/wp-content\/uploads\/2024\/06\/FESIH.png","width":2244,"height":2535,"caption":"Fundaci\u00f3n Educativa Santa Isabel de Hungr\u00eda"},"image":{"@id":"https:\/\/colegiosarquidiocesanos.edu.co\/inicio\/#\/schema\/logo\/image\/"},"sameAs":["https:\/\/www.facebook.com\/ColegiosArquidiocesanos\/","https:\/\/www.instagram.com\/colegios.arquidiocesanos\/"]},{"@type":"Person","@id":"https:\/\/colegiosarquidiocesanos.edu.co\/inicio\/#\/schema\/person\/8868dfd4403b84f4037cff1f2cc87ce9","name":"Brenda Victoria","image":{"@type":"ImageObject","inLanguage":"es","@id":"https:\/\/secure.gravatar.com\/avatar\/eb283bc7c07830ba5a2bbc517dc7f27898805029aedef0f5ff6e64ba2615a2e7?s=96&d=mm&r=g","url":"https:\/\/secure.gravatar.com\/avatar\/eb283bc7c07830ba5a2bbc517dc7f27898805029aedef0f5ff6e64ba2615a2e7?s=96&d=mm&r=g","contentUrl":"https:\/\/secure.gravatar.com\/avatar\/eb283bc7c07830ba5a2bbc517dc7f27898805029aedef0f5ff6e64ba2615a2e7?s=96&d=mm&r=g","caption":"Brenda Victoria"},"url":"https:\/\/colegiosarquidiocesanos.edu.co\/inicio\/author\/brenda\/"}]}},"_links":{"self":[{"href":"https:\/\/colegiosarquidiocesanos.edu.co\/inicio\/wp-json\/wp\/v2\/posts\/2596","targetHints":{"allow":["GET"]}}],"collection":[{"href":"https:\/\/colegiosarquidiocesanos.edu.co\/inicio\/wp-json\/wp\/v2\/posts"}],"about":[{"href":"https:\/\/colegiosarquidiocesanos.edu.co\/inicio\/wp-json\/wp\/v2\/types\/post"}],"author":[{"embeddable":true,"href":"https:\/\/colegiosarquidiocesanos.edu.co\/inicio\/wp-json\/wp\/v2\/users\/3"}],"replies":[{"embeddable":true,"href":"https:\/\/colegiosarquidiocesanos.edu.co\/inicio\/wp-json\/wp\/v2\/comments?post=2596"}],"version-history":[{"count":1,"href":"https:\/\/colegiosarquidiocesanos.edu.co\/inicio\/wp-json\/wp\/v2\/posts\/2596\/revisions"}],"predecessor-version":[{"id":5922,"href":"https:\/\/colegiosarquidiocesanos.edu.co\/inicio\/wp-json\/wp\/v2\/posts\/2596\/revisions\/5922"}],"wp:featuredmedia":[{"embeddable":true,"href":"https:\/\/colegiosarquidiocesanos.edu.co\/inicio\/wp-json\/wp\/v2\/media\/2600"}],"wp:attachment":[{"href":"https:\/\/colegiosarquidiocesanos.edu.co\/inicio\/wp-json\/wp\/v2\/media?parent=2596"}],"wp:term":[{"taxonomy":"category","embeddable":true,"href":"https:\/\/colegiosarquidiocesanos.edu.co\/inicio\/wp-json\/wp\/v2\/categories?post=2596"},{"taxonomy":"post_tag","embeddable":true,"href":"https:\/\/colegiosarquidiocesanos.edu.co\/inicio\/wp-json\/wp\/v2\/tags?post=2596"}],"curies":[{"name":"wp","href":"https:\/\/api.w.org\/{rel}","templated":true}]}}