{"id":1993,"date":"2023-10-09T19:41:42","date_gmt":"2023-10-09T19:41:42","guid":{"rendered":"https:\/\/colegiosarquidiocesanos.edu.co\/inicio\/?p=1993"},"modified":"2025-02-19T18:31:40","modified_gmt":"2025-02-19T23:31:40","slug":"orgullo-arquidiocesano-i-e-llano-verde-sede-principal-ocupa-segundo-puesto-en-el-intercolegiado-tae-2023","status":"publish","type":"post","link":"https:\/\/colegiosarquidiocesanos.edu.co\/inicio\/orgullo-arquidiocesano-i-e-llano-verde-sede-principal-ocupa-segundo-puesto-en-el-intercolegiado-tae-2023\/","title":{"rendered":"ORGULLO ARQUIDIOCESANO: OCUPAMOS SEGUNDO PUESTO EN EL TAE 2023"},"content":{"rendered":"\n<p><em><b>Nuestra Instituci\u00f3n Educativa Oficial Llano Verde sede Principal, ha demostrado una vez m\u00e1s su compromiso y apoyo a sus estudiantes en el \u00e1mbito cultural al participar en El <\/b><\/em><strong><em>Intercolegiado TAE 2023<\/em><\/strong><\/p>\n\n\n\n<figure class=\"wp-block-image alignwide size-large\"><img fetchpriority=\"high\" decoding=\"async\" width=\"1024\" height=\"397\" src=\"https:\/\/colegiosarquidiocesanos.edu.co\/inicio\/wp-content\/uploads\/2023\/10\/d3875a6f-0dad-4de6-88c7-2c7fa4715d5b-1-1024x397.webp\" alt=\"\" class=\"wp-image-2006\" srcset=\"https:\/\/colegiosarquidiocesanos.edu.co\/inicio\/wp-content\/uploads\/2023\/10\/d3875a6f-0dad-4de6-88c7-2c7fa4715d5b-1-1024x397.webp 1024w, https:\/\/colegiosarquidiocesanos.edu.co\/inicio\/wp-content\/uploads\/2023\/10\/d3875a6f-0dad-4de6-88c7-2c7fa4715d5b-1-300x116.webp 300w, https:\/\/colegiosarquidiocesanos.edu.co\/inicio\/wp-content\/uploads\/2023\/10\/d3875a6f-0dad-4de6-88c7-2c7fa4715d5b-1-768x298.webp 768w, https:\/\/colegiosarquidiocesanos.edu.co\/inicio\/wp-content\/uploads\/2023\/10\/d3875a6f-0dad-4de6-88c7-2c7fa4715d5b-1-1536x595.webp 1536w, https:\/\/colegiosarquidiocesanos.edu.co\/inicio\/wp-content\/uploads\/2023\/10\/d3875a6f-0dad-4de6-88c7-2c7fa4715d5b-1.webp 1600w\" sizes=\"(max-width: 1024px) 100vw, 1024px\" \/><figcaption class=\"wp-element-caption\"><em>Cortes\u00eda: <a href=\"https:\/\/www.instagram.com\/teatromunicipalcali\/\">Teatro Municipal Enrique Buenaventura<\/a><\/em><\/figcaption><\/figure>\n\n\n\n<p><strong>El Intercolegiado de Teatro y Artes Esc\u00e9nicas (TAE) 2023<\/strong> representa una iniciativa orientada a la identificaci\u00f3n y desarrollo de talentos emergentes en el \u00e1mbito estudiantil del distrito de Santiago de Cali. Este proyecto, se centra en brindar una formaci\u00f3n integral que fomente las aptitudes art\u00edsticas de los estudiantes, ni\u00f1os y j\u00f3venes de la ciudad, que expresan un genuino inter\u00e9s por las artes esc\u00e9nicas y que dedican su tiempo y esfuerzo a la creaci\u00f3n de obras culturales.&nbsp;<\/p>\n\n\n\n<p>Durante el mes de mayo, el Teatro Municipal le extendi\u00f3 a la Instituci\u00f3n una invitaci\u00f3n p\u00fablica para ser part\u00edcipes de los Intercolegiados y el primer paso hacia la competencia fue realizar el proceso de inscripci\u00f3n. La grabaci\u00f3n de la obra de teatro realizada por 19 estudiantes del grado segundo, tercero y 1 de once:&nbsp; <strong>\u201cRin Rin Renacuajo Rap\u201d<\/strong>, -actividad que se realiz\u00f3 como homenaje a Rafael Pombo-, fue el video oficial escogido para la audici\u00f3n que los llevar\u00eda a la final de la competencia. <strong><em>\u201cDe la mano de nuestros maestros, decidimos convertir esta obra en una pieza teatral y tras arduo trabajo y sacrificio escogiendo los trajes y el maquillaje, presentamos la funci\u00f3n\u201d<\/em><\/strong>, afirm\u00f3 Valerie Valencia, estudiante arquidiocesana.<\/p>\n\n\n\n<p>Para ese primer momento, un total de 56 Instituciones alrededor de la ciudad hab\u00edan realizado su proceso de inscripci\u00f3n y audici\u00f3n, pero s\u00f3lo 15 tuvieron la oportunidad de ser seleccionadas, entre ellas nuestra Instituci\u00f3n Educativa Llano Verde sede Principal, quienes se han caracterizado por su amor y entrega hacia el teatro y el arte: <strong><em>\u201cha sido una experiencia bastante significativa para nuestra comunidad educativa. Cada una de las personas que pudieron participar y observar, fueron testigos del proceso tan hermoso que se vivi\u00f3 en los ensayos, en la construcci\u00f3n de la obra y en la presentaci\u00f3n\u201d<\/em><\/strong>, cont\u00f3 con alegr\u00eda Tatiana Grueso Rebell\u00f3n, psic\u00f3loga de la Instituci\u00f3n.<\/p>\n\n\n\n<p>El segundo encuentro tuvo lugar en el Teatro Municipal Enrique Buenaventura, el 11 de septiembre. Fue una competencia emocionante y significativa, ya que nuestra familia arquidiocesana tuvo la oportunidad de presentar su obra en vivo ante sus familias, directivos de la Instituci\u00f3n, jurados y la comunidad cale\u00f1a.&nbsp;<\/p>\n\n\n\n<p>Este viaje enorgullecedor di\u00f3 fin el 29 de septiembre, cuando el Teatro Municipal reuni\u00f3 a todos los participantes para la ceremonia de premiaci\u00f3n oficial donde se anunciaron los ganadores, y la I.E. Llano Verde sede Principal tuvo motivos para celebrar<strong>: obtuvieron el segundo puesto en la categor\u00eda de Teatro Grupal, quienes entre saltos y alegr\u00eda festejaron este gran logro y crecimiento como artistas.<\/strong><\/p>\n\n\n\n<p>Felicitamos a todos nuestros estudiantes y directivos, por las horas de ensayo, el compromiso y la dedicaci\u00f3n que pusieron en cada una de las etapas, que hizo de esta experiencia no s\u00f3lo un motivo para celebrar, sino tambi\u00e9n para aprender de por vida que <strong>el trabajo en equipo, la uni\u00f3n y el amor nos impulsan a lograr grandes cosas.<\/strong><\/p>\n\n\n\n<figure class=\"wp-block-gallery has-nested-images columns-default is-cropped wp-block-gallery-1 is-layout-flex wp-block-gallery-is-layout-flex\">\n<figure class=\"wp-block-image size-large\"><img decoding=\"async\" width=\"1024\" height=\"682\" data-id=\"2003\" src=\"https:\/\/colegiosarquidiocesanos.edu.co\/inicio\/wp-content\/uploads\/2023\/10\/WhatsApp-Image-2023-10-02-at-4.38.12-PM-1024x682.webp\" alt=\"\" class=\"wp-image-2003\" srcset=\"https:\/\/colegiosarquidiocesanos.edu.co\/inicio\/wp-content\/uploads\/2023\/10\/WhatsApp-Image-2023-10-02-at-4.38.12-PM-1024x682.webp 1024w, https:\/\/colegiosarquidiocesanos.edu.co\/inicio\/wp-content\/uploads\/2023\/10\/WhatsApp-Image-2023-10-02-at-4.38.12-PM-300x200.webp 300w, https:\/\/colegiosarquidiocesanos.edu.co\/inicio\/wp-content\/uploads\/2023\/10\/WhatsApp-Image-2023-10-02-at-4.38.12-PM-768x512.webp 768w, https:\/\/colegiosarquidiocesanos.edu.co\/inicio\/wp-content\/uploads\/2023\/10\/WhatsApp-Image-2023-10-02-at-4.38.12-PM-1536x1023.webp 1536w, https:\/\/colegiosarquidiocesanos.edu.co\/inicio\/wp-content\/uploads\/2023\/10\/WhatsApp-Image-2023-10-02-at-4.38.12-PM.webp 1600w\" sizes=\"(max-width: 1024px) 100vw, 1024px\" \/><\/figure>\n\n\n\n<figure class=\"wp-block-image size-large\"><img decoding=\"async\" width=\"1024\" height=\"682\" data-id=\"2002\" src=\"https:\/\/colegiosarquidiocesanos.edu.co\/inicio\/wp-content\/uploads\/2023\/10\/WhatsApp-Image-2023-10-02-at-4.38.12-PM-1-1024x682.webp\" alt=\"\" class=\"wp-image-2002\" srcset=\"https:\/\/colegiosarquidiocesanos.edu.co\/inicio\/wp-content\/uploads\/2023\/10\/WhatsApp-Image-2023-10-02-at-4.38.12-PM-1-1024x682.webp 1024w, https:\/\/colegiosarquidiocesanos.edu.co\/inicio\/wp-content\/uploads\/2023\/10\/WhatsApp-Image-2023-10-02-at-4.38.12-PM-1-300x200.webp 300w, https:\/\/colegiosarquidiocesanos.edu.co\/inicio\/wp-content\/uploads\/2023\/10\/WhatsApp-Image-2023-10-02-at-4.38.12-PM-1-768x512.webp 768w, https:\/\/colegiosarquidiocesanos.edu.co\/inicio\/wp-content\/uploads\/2023\/10\/WhatsApp-Image-2023-10-02-at-4.38.12-PM-1-1536x1023.webp 1536w, https:\/\/colegiosarquidiocesanos.edu.co\/inicio\/wp-content\/uploads\/2023\/10\/WhatsApp-Image-2023-10-02-at-4.38.12-PM-1.webp 1600w\" sizes=\"(max-width: 1024px) 100vw, 1024px\" \/><\/figure>\n<\/figure>\n\n\n\n<p>Cortes\u00eda: <a href=\"https:\/\/www.instagram.com\/teatromunicipalcali\/\">Teatro Municipal Enrique Buenaventura<\/a><\/p>\n","protected":false},"excerpt":{"rendered":"<p>Nuestra Instituci\u00f3n Educativa Oficial Llano Verde sede Principal, ha demostrado una vez m\u00e1s su compromiso y apoyo a sus estudiantes en el \u00e1mbito cultural al participar en El Intercolegiado TAE 2023 El Intercolegiado de Teatro y Artes Esc\u00e9nicas (TAE) 2023 representa una iniciativa orientada a la identificaci\u00f3n y desarrollo de talentos emergentes en el \u00e1mbito [&hellip;]<\/p>\n","protected":false},"author":3,"featured_media":1999,"comment_status":"open","ping_status":"closed","sticky":false,"template":"","format":"standard","meta":{"footnotes":""},"categories":[29,15],"tags":[],"class_list":["post-1993","post","type-post","status-publish","format-standard","has-post-thumbnail","hentry","category-cultural","category-teatro"],"yoast_head":"<!-- This site is optimized with the Yoast SEO plugin v27.5 - https:\/\/yoast.com\/product\/yoast-seo-wordpress\/ -->\n<title>ORGULLO ARQUIDIOCESANO: OCUPAMOS SEGUNDO PUESTO EN EL TAE 2023 - Colegios Arquidiocesanos<\/title>\n<meta name=\"robots\" content=\"index, follow, max-snippet:-1, max-image-preview:large, max-video-preview:-1\" \/>\n<link rel=\"canonical\" href=\"https:\/\/colegiosarquidiocesanos.edu.co\/inicio\/orgullo-arquidiocesano-i-e-llano-verde-sede-principal-ocupa-segundo-puesto-en-el-intercolegiado-tae-2023\/\" \/>\n<meta property=\"og:locale\" content=\"es_ES\" \/>\n<meta property=\"og:type\" content=\"article\" \/>\n<meta property=\"og:title\" content=\"ORGULLO ARQUIDIOCESANO: OCUPAMOS SEGUNDO PUESTO EN EL TAE 2023 - Colegios Arquidiocesanos\" \/>\n<meta property=\"og:description\" content=\"Nuestra Instituci\u00f3n Educativa Oficial Llano Verde sede Principal, ha demostrado una vez m\u00e1s su compromiso y apoyo a sus estudiantes en el \u00e1mbito cultural al participar en El Intercolegiado TAE 2023 El Intercolegiado de Teatro y Artes Esc\u00e9nicas (TAE) 2023 representa una iniciativa orientada a la identificaci\u00f3n y desarrollo de talentos emergentes en el \u00e1mbito [&hellip;]\" \/>\n<meta property=\"og:url\" content=\"https:\/\/colegiosarquidiocesanos.edu.co\/inicio\/orgullo-arquidiocesano-i-e-llano-verde-sede-principal-ocupa-segundo-puesto-en-el-intercolegiado-tae-2023\/\" \/>\n<meta property=\"og:site_name\" content=\"Colegios Arquidiocesanos\" \/>\n<meta property=\"article:publisher\" content=\"https:\/\/www.facebook.com\/ColegiosArquidiocesanos\/\" \/>\n<meta property=\"article:published_time\" content=\"2023-10-09T19:41:42+00:00\" \/>\n<meta property=\"article:modified_time\" content=\"2025-02-19T23:31:40+00:00\" \/>\n<meta property=\"og:image\" content=\"https:\/\/colegiosarquidiocesanos.edu.co\/inicio\/wp-content\/uploads\/2023\/10\/WhatsApp-Image-2023-10-02-at-4.38.13-PM-2.webp\" \/>\n\t<meta property=\"og:image:width\" content=\"1600\" \/>\n\t<meta property=\"og:image:height\" content=\"1066\" \/>\n\t<meta property=\"og:image:type\" content=\"image\/webp\" \/>\n<meta name=\"author\" content=\"Brenda Victoria\" \/>\n<meta name=\"twitter:card\" content=\"summary_large_image\" \/>\n<meta name=\"twitter:label1\" content=\"Escrito por\" \/>\n\t<meta name=\"twitter:data1\" content=\"Brenda Victoria\" \/>\n\t<meta name=\"twitter:label2\" content=\"Tiempo de lectura\" \/>\n\t<meta name=\"twitter:data2\" content=\"4 minutos\" \/>\n<script type=\"application\/ld+json\" class=\"yoast-schema-graph\">{\"@context\":\"https:\\\/\\\/schema.org\",\"@graph\":[{\"@type\":\"Article\",\"@id\":\"https:\\\/\\\/colegiosarquidiocesanos.edu.co\\\/inicio\\\/orgullo-arquidiocesano-i-e-llano-verde-sede-principal-ocupa-segundo-puesto-en-el-intercolegiado-tae-2023\\\/#article\",\"isPartOf\":{\"@id\":\"https:\\\/\\\/colegiosarquidiocesanos.edu.co\\\/inicio\\\/orgullo-arquidiocesano-i-e-llano-verde-sede-principal-ocupa-segundo-puesto-en-el-intercolegiado-tae-2023\\\/\"},\"author\":{\"name\":\"Brenda Victoria\",\"@id\":\"https:\\\/\\\/colegiosarquidiocesanos.edu.co\\\/inicio\\\/#\\\/schema\\\/person\\\/8868dfd4403b84f4037cff1f2cc87ce9\"},\"headline\":\"ORGULLO ARQUIDIOCESANO: OCUPAMOS SEGUNDO PUESTO EN EL TAE 2023\",\"datePublished\":\"2023-10-09T19:41:42+00:00\",\"dateModified\":\"2025-02-19T23:31:40+00:00\",\"mainEntityOfPage\":{\"@id\":\"https:\\\/\\\/colegiosarquidiocesanos.edu.co\\\/inicio\\\/orgullo-arquidiocesano-i-e-llano-verde-sede-principal-ocupa-segundo-puesto-en-el-intercolegiado-tae-2023\\\/\"},\"wordCount\":556,\"commentCount\":0,\"publisher\":{\"@id\":\"https:\\\/\\\/colegiosarquidiocesanos.edu.co\\\/inicio\\\/#organization\"},\"image\":{\"@id\":\"https:\\\/\\\/colegiosarquidiocesanos.edu.co\\\/inicio\\\/orgullo-arquidiocesano-i-e-llano-verde-sede-principal-ocupa-segundo-puesto-en-el-intercolegiado-tae-2023\\\/#primaryimage\"},\"thumbnailUrl\":\"https:\\\/\\\/colegiosarquidiocesanos.edu.co\\\/inicio\\\/wp-content\\\/uploads\\\/2023\\\/10\\\/WhatsApp-Image-2023-10-02-at-4.38.13-PM-2.webp\",\"articleSection\":[\"Cultural\",\"Teatro\"],\"inLanguage\":\"es\",\"potentialAction\":[{\"@type\":\"CommentAction\",\"name\":\"Comment\",\"target\":[\"https:\\\/\\\/colegiosarquidiocesanos.edu.co\\\/inicio\\\/orgullo-arquidiocesano-i-e-llano-verde-sede-principal-ocupa-segundo-puesto-en-el-intercolegiado-tae-2023\\\/#respond\"]}]},{\"@type\":\"WebPage\",\"@id\":\"https:\\\/\\\/colegiosarquidiocesanos.edu.co\\\/inicio\\\/orgullo-arquidiocesano-i-e-llano-verde-sede-principal-ocupa-segundo-puesto-en-el-intercolegiado-tae-2023\\\/\",\"url\":\"https:\\\/\\\/colegiosarquidiocesanos.edu.co\\\/inicio\\\/orgullo-arquidiocesano-i-e-llano-verde-sede-principal-ocupa-segundo-puesto-en-el-intercolegiado-tae-2023\\\/\",\"name\":\"ORGULLO ARQUIDIOCESANO: OCUPAMOS SEGUNDO PUESTO EN EL TAE 2023 - Colegios Arquidiocesanos\",\"isPartOf\":{\"@id\":\"https:\\\/\\\/colegiosarquidiocesanos.edu.co\\\/inicio\\\/#website\"},\"primaryImageOfPage\":{\"@id\":\"https:\\\/\\\/colegiosarquidiocesanos.edu.co\\\/inicio\\\/orgullo-arquidiocesano-i-e-llano-verde-sede-principal-ocupa-segundo-puesto-en-el-intercolegiado-tae-2023\\\/#primaryimage\"},\"image\":{\"@id\":\"https:\\\/\\\/colegiosarquidiocesanos.edu.co\\\/inicio\\\/orgullo-arquidiocesano-i-e-llano-verde-sede-principal-ocupa-segundo-puesto-en-el-intercolegiado-tae-2023\\\/#primaryimage\"},\"thumbnailUrl\":\"https:\\\/\\\/colegiosarquidiocesanos.edu.co\\\/inicio\\\/wp-content\\\/uploads\\\/2023\\\/10\\\/WhatsApp-Image-2023-10-02-at-4.38.13-PM-2.webp\",\"datePublished\":\"2023-10-09T19:41:42+00:00\",\"dateModified\":\"2025-02-19T23:31:40+00:00\",\"breadcrumb\":{\"@id\":\"https:\\\/\\\/colegiosarquidiocesanos.edu.co\\\/inicio\\\/orgullo-arquidiocesano-i-e-llano-verde-sede-principal-ocupa-segundo-puesto-en-el-intercolegiado-tae-2023\\\/#breadcrumb\"},\"inLanguage\":\"es\",\"potentialAction\":[{\"@type\":\"ReadAction\",\"target\":[\"https:\\\/\\\/colegiosarquidiocesanos.edu.co\\\/inicio\\\/orgullo-arquidiocesano-i-e-llano-verde-sede-principal-ocupa-segundo-puesto-en-el-intercolegiado-tae-2023\\\/\"]}]},{\"@type\":\"ImageObject\",\"inLanguage\":\"es\",\"@id\":\"https:\\\/\\\/colegiosarquidiocesanos.edu.co\\\/inicio\\\/orgullo-arquidiocesano-i-e-llano-verde-sede-principal-ocupa-segundo-puesto-en-el-intercolegiado-tae-2023\\\/#primaryimage\",\"url\":\"https:\\\/\\\/colegiosarquidiocesanos.edu.co\\\/inicio\\\/wp-content\\\/uploads\\\/2023\\\/10\\\/WhatsApp-Image-2023-10-02-at-4.38.13-PM-2.webp\",\"contentUrl\":\"https:\\\/\\\/colegiosarquidiocesanos.edu.co\\\/inicio\\\/wp-content\\\/uploads\\\/2023\\\/10\\\/WhatsApp-Image-2023-10-02-at-4.38.13-PM-2.webp\",\"width\":1600,\"height\":1066},{\"@type\":\"BreadcrumbList\",\"@id\":\"https:\\\/\\\/colegiosarquidiocesanos.edu.co\\\/inicio\\\/orgullo-arquidiocesano-i-e-llano-verde-sede-principal-ocupa-segundo-puesto-en-el-intercolegiado-tae-2023\\\/#breadcrumb\",\"itemListElement\":[{\"@type\":\"ListItem\",\"position\":1,\"name\":\"Portada\",\"item\":\"https:\\\/\\\/colegiosarquidiocesanos.edu.co\\\/inicio\\\/\"},{\"@type\":\"ListItem\",\"position\":2,\"name\":\"ORGULLO ARQUIDIOCESANO: OCUPAMOS SEGUNDO PUESTO EN EL TAE 2023\"}]},{\"@type\":\"WebSite\",\"@id\":\"https:\\\/\\\/colegiosarquidiocesanos.edu.co\\\/inicio\\\/#website\",\"url\":\"https:\\\/\\\/colegiosarquidiocesanos.edu.co\\\/inicio\\\/\",\"name\":\"Colegios Arquidiocesanos - Mejores Colegios de Cali\",\"description\":\"&quot;Colegios Arquidiocesanos&quot; es el sitio oficial que re\u00fane informaci\u00f3n sobre nuestros mejores colegios de Cali, noticias y actividades destacadas, adem\u00e1s de servicios en l\u00ednea como pagos de mensualidades y acceso al portal estudiantil. Una plataforma integral para estudiantes, padres y comunidad educativa.\",\"publisher\":{\"@id\":\"https:\\\/\\\/colegiosarquidiocesanos.edu.co\\\/inicio\\\/#organization\"},\"alternateName\":\"Arquidiocesanos\",\"potentialAction\":[{\"@type\":\"SearchAction\",\"target\":{\"@type\":\"EntryPoint\",\"urlTemplate\":\"https:\\\/\\\/colegiosarquidiocesanos.edu.co\\\/inicio\\\/?s={search_term_string}\"},\"query-input\":{\"@type\":\"PropertyValueSpecification\",\"valueRequired\":true,\"valueName\":\"search_term_string\"}}],\"inLanguage\":\"es\"},{\"@type\":\"Organization\",\"@id\":\"https:\\\/\\\/colegiosarquidiocesanos.edu.co\\\/inicio\\\/#organization\",\"name\":\"Fundaci\u00f3n Educativa Santa Isabel de Hungr\u00eda\",\"url\":\"https:\\\/\\\/colegiosarquidiocesanos.edu.co\\\/inicio\\\/\",\"logo\":{\"@type\":\"ImageObject\",\"inLanguage\":\"es\",\"@id\":\"https:\\\/\\\/colegiosarquidiocesanos.edu.co\\\/inicio\\\/#\\\/schema\\\/logo\\\/image\\\/\",\"url\":\"https:\\\/\\\/colegiosarquidiocesanos.edu.co\\\/inicio\\\/wp-content\\\/uploads\\\/2024\\\/06\\\/FESIH.png\",\"contentUrl\":\"https:\\\/\\\/colegiosarquidiocesanos.edu.co\\\/inicio\\\/wp-content\\\/uploads\\\/2024\\\/06\\\/FESIH.png\",\"width\":2244,\"height\":2535,\"caption\":\"Fundaci\u00f3n Educativa Santa Isabel de Hungr\u00eda\"},\"image\":{\"@id\":\"https:\\\/\\\/colegiosarquidiocesanos.edu.co\\\/inicio\\\/#\\\/schema\\\/logo\\\/image\\\/\"},\"sameAs\":[\"https:\\\/\\\/www.facebook.com\\\/ColegiosArquidiocesanos\\\/\",\"https:\\\/\\\/www.instagram.com\\\/colegios.arquidiocesanos\\\/\"]},{\"@type\":\"Person\",\"@id\":\"https:\\\/\\\/colegiosarquidiocesanos.edu.co\\\/inicio\\\/#\\\/schema\\\/person\\\/8868dfd4403b84f4037cff1f2cc87ce9\",\"name\":\"Brenda Victoria\",\"image\":{\"@type\":\"ImageObject\",\"inLanguage\":\"es\",\"@id\":\"https:\\\/\\\/secure.gravatar.com\\\/avatar\\\/eb283bc7c07830ba5a2bbc517dc7f27898805029aedef0f5ff6e64ba2615a2e7?s=96&d=mm&r=g\",\"url\":\"https:\\\/\\\/secure.gravatar.com\\\/avatar\\\/eb283bc7c07830ba5a2bbc517dc7f27898805029aedef0f5ff6e64ba2615a2e7?s=96&d=mm&r=g\",\"contentUrl\":\"https:\\\/\\\/secure.gravatar.com\\\/avatar\\\/eb283bc7c07830ba5a2bbc517dc7f27898805029aedef0f5ff6e64ba2615a2e7?s=96&d=mm&r=g\",\"caption\":\"Brenda Victoria\"},\"url\":\"https:\\\/\\\/colegiosarquidiocesanos.edu.co\\\/inicio\\\/author\\\/brenda\\\/\"}]}<\/script>\n<!-- \/ Yoast SEO plugin. -->","yoast_head_json":{"title":"ORGULLO ARQUIDIOCESANO: OCUPAMOS SEGUNDO PUESTO EN EL TAE 2023 - Colegios Arquidiocesanos","robots":{"index":"index","follow":"follow","max-snippet":"max-snippet:-1","max-image-preview":"max-image-preview:large","max-video-preview":"max-video-preview:-1"},"canonical":"https:\/\/colegiosarquidiocesanos.edu.co\/inicio\/orgullo-arquidiocesano-i-e-llano-verde-sede-principal-ocupa-segundo-puesto-en-el-intercolegiado-tae-2023\/","og_locale":"es_ES","og_type":"article","og_title":"ORGULLO ARQUIDIOCESANO: OCUPAMOS SEGUNDO PUESTO EN EL TAE 2023 - Colegios Arquidiocesanos","og_description":"Nuestra Instituci\u00f3n Educativa Oficial Llano Verde sede Principal, ha demostrado una vez m\u00e1s su compromiso y apoyo a sus estudiantes en el \u00e1mbito cultural al participar en El Intercolegiado TAE 2023 El Intercolegiado de Teatro y Artes Esc\u00e9nicas (TAE) 2023 representa una iniciativa orientada a la identificaci\u00f3n y desarrollo de talentos emergentes en el \u00e1mbito [&hellip;]","og_url":"https:\/\/colegiosarquidiocesanos.edu.co\/inicio\/orgullo-arquidiocesano-i-e-llano-verde-sede-principal-ocupa-segundo-puesto-en-el-intercolegiado-tae-2023\/","og_site_name":"Colegios Arquidiocesanos","article_publisher":"https:\/\/www.facebook.com\/ColegiosArquidiocesanos\/","article_published_time":"2023-10-09T19:41:42+00:00","article_modified_time":"2025-02-19T23:31:40+00:00","og_image":[{"width":1600,"height":1066,"url":"https:\/\/colegiosarquidiocesanos.edu.co\/inicio\/wp-content\/uploads\/2023\/10\/WhatsApp-Image-2023-10-02-at-4.38.13-PM-2.webp","type":"image\/webp"}],"author":"Brenda Victoria","twitter_card":"summary_large_image","twitter_misc":{"Escrito por":"Brenda Victoria","Tiempo de lectura":"4 minutos"},"schema":{"@context":"https:\/\/schema.org","@graph":[{"@type":"Article","@id":"https:\/\/colegiosarquidiocesanos.edu.co\/inicio\/orgullo-arquidiocesano-i-e-llano-verde-sede-principal-ocupa-segundo-puesto-en-el-intercolegiado-tae-2023\/#article","isPartOf":{"@id":"https:\/\/colegiosarquidiocesanos.edu.co\/inicio\/orgullo-arquidiocesano-i-e-llano-verde-sede-principal-ocupa-segundo-puesto-en-el-intercolegiado-tae-2023\/"},"author":{"name":"Brenda Victoria","@id":"https:\/\/colegiosarquidiocesanos.edu.co\/inicio\/#\/schema\/person\/8868dfd4403b84f4037cff1f2cc87ce9"},"headline":"ORGULLO ARQUIDIOCESANO: OCUPAMOS SEGUNDO PUESTO EN EL TAE 2023","datePublished":"2023-10-09T19:41:42+00:00","dateModified":"2025-02-19T23:31:40+00:00","mainEntityOfPage":{"@id":"https:\/\/colegiosarquidiocesanos.edu.co\/inicio\/orgullo-arquidiocesano-i-e-llano-verde-sede-principal-ocupa-segundo-puesto-en-el-intercolegiado-tae-2023\/"},"wordCount":556,"commentCount":0,"publisher":{"@id":"https:\/\/colegiosarquidiocesanos.edu.co\/inicio\/#organization"},"image":{"@id":"https:\/\/colegiosarquidiocesanos.edu.co\/inicio\/orgullo-arquidiocesano-i-e-llano-verde-sede-principal-ocupa-segundo-puesto-en-el-intercolegiado-tae-2023\/#primaryimage"},"thumbnailUrl":"https:\/\/colegiosarquidiocesanos.edu.co\/inicio\/wp-content\/uploads\/2023\/10\/WhatsApp-Image-2023-10-02-at-4.38.13-PM-2.webp","articleSection":["Cultural","Teatro"],"inLanguage":"es","potentialAction":[{"@type":"CommentAction","name":"Comment","target":["https:\/\/colegiosarquidiocesanos.edu.co\/inicio\/orgullo-arquidiocesano-i-e-llano-verde-sede-principal-ocupa-segundo-puesto-en-el-intercolegiado-tae-2023\/#respond"]}]},{"@type":"WebPage","@id":"https:\/\/colegiosarquidiocesanos.edu.co\/inicio\/orgullo-arquidiocesano-i-e-llano-verde-sede-principal-ocupa-segundo-puesto-en-el-intercolegiado-tae-2023\/","url":"https:\/\/colegiosarquidiocesanos.edu.co\/inicio\/orgullo-arquidiocesano-i-e-llano-verde-sede-principal-ocupa-segundo-puesto-en-el-intercolegiado-tae-2023\/","name":"ORGULLO ARQUIDIOCESANO: OCUPAMOS SEGUNDO PUESTO EN EL TAE 2023 - Colegios Arquidiocesanos","isPartOf":{"@id":"https:\/\/colegiosarquidiocesanos.edu.co\/inicio\/#website"},"primaryImageOfPage":{"@id":"https:\/\/colegiosarquidiocesanos.edu.co\/inicio\/orgullo-arquidiocesano-i-e-llano-verde-sede-principal-ocupa-segundo-puesto-en-el-intercolegiado-tae-2023\/#primaryimage"},"image":{"@id":"https:\/\/colegiosarquidiocesanos.edu.co\/inicio\/orgullo-arquidiocesano-i-e-llano-verde-sede-principal-ocupa-segundo-puesto-en-el-intercolegiado-tae-2023\/#primaryimage"},"thumbnailUrl":"https:\/\/colegiosarquidiocesanos.edu.co\/inicio\/wp-content\/uploads\/2023\/10\/WhatsApp-Image-2023-10-02-at-4.38.13-PM-2.webp","datePublished":"2023-10-09T19:41:42+00:00","dateModified":"2025-02-19T23:31:40+00:00","breadcrumb":{"@id":"https:\/\/colegiosarquidiocesanos.edu.co\/inicio\/orgullo-arquidiocesano-i-e-llano-verde-sede-principal-ocupa-segundo-puesto-en-el-intercolegiado-tae-2023\/#breadcrumb"},"inLanguage":"es","potentialAction":[{"@type":"ReadAction","target":["https:\/\/colegiosarquidiocesanos.edu.co\/inicio\/orgullo-arquidiocesano-i-e-llano-verde-sede-principal-ocupa-segundo-puesto-en-el-intercolegiado-tae-2023\/"]}]},{"@type":"ImageObject","inLanguage":"es","@id":"https:\/\/colegiosarquidiocesanos.edu.co\/inicio\/orgullo-arquidiocesano-i-e-llano-verde-sede-principal-ocupa-segundo-puesto-en-el-intercolegiado-tae-2023\/#primaryimage","url":"https:\/\/colegiosarquidiocesanos.edu.co\/inicio\/wp-content\/uploads\/2023\/10\/WhatsApp-Image-2023-10-02-at-4.38.13-PM-2.webp","contentUrl":"https:\/\/colegiosarquidiocesanos.edu.co\/inicio\/wp-content\/uploads\/2023\/10\/WhatsApp-Image-2023-10-02-at-4.38.13-PM-2.webp","width":1600,"height":1066},{"@type":"BreadcrumbList","@id":"https:\/\/colegiosarquidiocesanos.edu.co\/inicio\/orgullo-arquidiocesano-i-e-llano-verde-sede-principal-ocupa-segundo-puesto-en-el-intercolegiado-tae-2023\/#breadcrumb","itemListElement":[{"@type":"ListItem","position":1,"name":"Portada","item":"https:\/\/colegiosarquidiocesanos.edu.co\/inicio\/"},{"@type":"ListItem","position":2,"name":"ORGULLO ARQUIDIOCESANO: OCUPAMOS SEGUNDO PUESTO EN EL TAE 2023"}]},{"@type":"WebSite","@id":"https:\/\/colegiosarquidiocesanos.edu.co\/inicio\/#website","url":"https:\/\/colegiosarquidiocesanos.edu.co\/inicio\/","name":"Colegios Arquidiocesanos - Mejores Colegios de Cali","description":"&quot;Colegios Arquidiocesanos&quot; es el sitio oficial que re\u00fane informaci\u00f3n sobre nuestros mejores colegios de Cali, noticias y actividades destacadas, adem\u00e1s de servicios en l\u00ednea como pagos de mensualidades y acceso al portal estudiantil. Una plataforma integral para estudiantes, padres y comunidad educativa.","publisher":{"@id":"https:\/\/colegiosarquidiocesanos.edu.co\/inicio\/#organization"},"alternateName":"Arquidiocesanos","potentialAction":[{"@type":"SearchAction","target":{"@type":"EntryPoint","urlTemplate":"https:\/\/colegiosarquidiocesanos.edu.co\/inicio\/?s={search_term_string}"},"query-input":{"@type":"PropertyValueSpecification","valueRequired":true,"valueName":"search_term_string"}}],"inLanguage":"es"},{"@type":"Organization","@id":"https:\/\/colegiosarquidiocesanos.edu.co\/inicio\/#organization","name":"Fundaci\u00f3n Educativa Santa Isabel de Hungr\u00eda","url":"https:\/\/colegiosarquidiocesanos.edu.co\/inicio\/","logo":{"@type":"ImageObject","inLanguage":"es","@id":"https:\/\/colegiosarquidiocesanos.edu.co\/inicio\/#\/schema\/logo\/image\/","url":"https:\/\/colegiosarquidiocesanos.edu.co\/inicio\/wp-content\/uploads\/2024\/06\/FESIH.png","contentUrl":"https:\/\/colegiosarquidiocesanos.edu.co\/inicio\/wp-content\/uploads\/2024\/06\/FESIH.png","width":2244,"height":2535,"caption":"Fundaci\u00f3n Educativa Santa Isabel de Hungr\u00eda"},"image":{"@id":"https:\/\/colegiosarquidiocesanos.edu.co\/inicio\/#\/schema\/logo\/image\/"},"sameAs":["https:\/\/www.facebook.com\/ColegiosArquidiocesanos\/","https:\/\/www.instagram.com\/colegios.arquidiocesanos\/"]},{"@type":"Person","@id":"https:\/\/colegiosarquidiocesanos.edu.co\/inicio\/#\/schema\/person\/8868dfd4403b84f4037cff1f2cc87ce9","name":"Brenda Victoria","image":{"@type":"ImageObject","inLanguage":"es","@id":"https:\/\/secure.gravatar.com\/avatar\/eb283bc7c07830ba5a2bbc517dc7f27898805029aedef0f5ff6e64ba2615a2e7?s=96&d=mm&r=g","url":"https:\/\/secure.gravatar.com\/avatar\/eb283bc7c07830ba5a2bbc517dc7f27898805029aedef0f5ff6e64ba2615a2e7?s=96&d=mm&r=g","contentUrl":"https:\/\/secure.gravatar.com\/avatar\/eb283bc7c07830ba5a2bbc517dc7f27898805029aedef0f5ff6e64ba2615a2e7?s=96&d=mm&r=g","caption":"Brenda Victoria"},"url":"https:\/\/colegiosarquidiocesanos.edu.co\/inicio\/author\/brenda\/"}]}},"_links":{"self":[{"href":"https:\/\/colegiosarquidiocesanos.edu.co\/inicio\/wp-json\/wp\/v2\/posts\/1993","targetHints":{"allow":["GET"]}}],"collection":[{"href":"https:\/\/colegiosarquidiocesanos.edu.co\/inicio\/wp-json\/wp\/v2\/posts"}],"about":[{"href":"https:\/\/colegiosarquidiocesanos.edu.co\/inicio\/wp-json\/wp\/v2\/types\/post"}],"author":[{"embeddable":true,"href":"https:\/\/colegiosarquidiocesanos.edu.co\/inicio\/wp-json\/wp\/v2\/users\/3"}],"replies":[{"embeddable":true,"href":"https:\/\/colegiosarquidiocesanos.edu.co\/inicio\/wp-json\/wp\/v2\/comments?post=1993"}],"version-history":[{"count":0,"href":"https:\/\/colegiosarquidiocesanos.edu.co\/inicio\/wp-json\/wp\/v2\/posts\/1993\/revisions"}],"wp:featuredmedia":[{"embeddable":true,"href":"https:\/\/colegiosarquidiocesanos.edu.co\/inicio\/wp-json\/wp\/v2\/media\/1999"}],"wp:attachment":[{"href":"https:\/\/colegiosarquidiocesanos.edu.co\/inicio\/wp-json\/wp\/v2\/media?parent=1993"}],"wp:term":[{"taxonomy":"category","embeddable":true,"href":"https:\/\/colegiosarquidiocesanos.edu.co\/inicio\/wp-json\/wp\/v2\/categories?post=1993"},{"taxonomy":"post_tag","embeddable":true,"href":"https:\/\/colegiosarquidiocesanos.edu.co\/inicio\/wp-json\/wp\/v2\/tags?post=1993"}],"curies":[{"name":"wp","href":"https:\/\/api.w.org\/{rel}","templated":true}]}}